{"id":12203,"date":"2025-02-26T08:28:29","date_gmt":"2025-02-26T06:28:29","guid":{"rendered":"https:\/\/actongroup.com\/act-on-group-participe-a-la-skillsweek-et-vous\/"},"modified":"2026-01-08T13:58:09","modified_gmt":"2026-01-08T11:58:09","slug":"act-on-group-doet-mee-aan-skillsweek-en-jij","status":"publish","type":"post","link":"https:\/\/actongroup.com\/nl\/act-on-group-doet-mee-aan-skillsweek-en-jij\/","title":{"rendered":"ACT-ON GROUP doet mee aan Skillsweek! En jij?"},"content":{"rendered":"\n<h5 class=\"wp-block-heading\">Net als ACT-ON GROUP kun je je persoonlijke en professionele vaardigheden ontwikkelen tijdens Skillsweek, een initiatief van onze partner Skillsday!<\/h5>\n\n\n\n<div style=\"height:71px\" aria-hidden=\"true\" class=\"wp-block-spacer\"><\/div>\n\n\n\n<p>Training, ondersteuning, ontwikkeling\u2026 We hebben de vaardigheidsontwikkeling van onze medewerkers tot een prioriteit gemaakt, in de eerste plaats voor degenen die onze teams dagelijks ondersteunen: onze managers.<\/p>\n\n\n\n<p>Het afgelopen jaar hebben ze een op maat gemaakt programma gevolgd, een combinatie van interne en externe trainingen, dat we samen met onze partner <a href=\"https:\/\/skillsday.com\/\" target=\"_blank\" rel=\"noreferrer noopener\">Skillsday<\/a> hebben ontwikkeld om hen te ondersteunen bij alle belangrijke uitdagingen van hun functie.<\/p>\n\n\n\n<div style=\"height:40px\" aria-hidden=\"true\" class=\"wp-block-spacer\"><\/div>\n\n\n\n<p><strong>Maar het ontwikkelen van vaardigheden, zowel persoonlijk als professioneel, is bovenal een collectieve uitdaging\u2026<br>Daarom heeft ACT-ON GROUP besloten deel te nemen aan \"Skillsweek\", een week vol webinars over soft skills!<\/strong><br><\/p>\n\n\n\n<div style=\"height:40px\" aria-hidden=\"true\" class=\"wp-block-spacer\"><\/div>\n\n\n\n<p class=\"has-text-align-center\"><br><strong>\ud83d\udcc5 Tot ziens van 17 tot en met 21 maart!<\/strong><\/p>\n\n\n\n<p class=\"has-text-align-center\">Op het programma:<\/p>\n\n\n\n<p class=\"has-text-align-center\">- 8 afleveringen van 45 minuten<\/p>\n\n\n\n<p class=\"has-text-align-center\">- 8 deskundige coaches<\/p>\n\n\n\n<p>Over belangrijke onderwerpen zoals #leiderschap, #management, diversiteit, teamcohesie\u2026<\/p>\n\n\n\n<p class=\"has-text-align-center\">Deelname aan de webinars is volledig gratis en voor iedereen toegankelijk \ud83d\udd25<\/p>\n\n\n\n<div style=\"height:40px\" aria-hidden=\"true\" class=\"wp-block-spacer\"><\/div>\n\n\n<div class=\"wp-block-image\">\n<figure class=\"aligncenter size-full is-resized\"><img decoding=\"async\" width=\"300\" height=\"250\" src=\"https:\/\/actongroup.com\/wp-content\/uploads\/2025\/02\/intranet-300x250-1.png\" alt=\"\" class=\"wp-image-8245\" style=\"width:536px;height:auto\" srcset=\"https:\/\/actongroup.com\/wp-content\/uploads\/2025\/02\/intranet-300x250-1.png 300w, https:\/\/actongroup.com\/wp-content\/uploads\/2025\/02\/intranet-300x250-1-24x20.png 24w, https:\/\/actongroup.com\/wp-content\/uploads\/2025\/02\/intranet-300x250-1-36x30.png 36w, https:\/\/actongroup.com\/wp-content\/uploads\/2025\/02\/intranet-300x250-1-48x40.png 48w\" sizes=\"(max-width: 300px) 100vw, 300px\" \/><\/figure>\n<\/div>\n\n\n<div style=\"height:40px\" aria-hidden=\"true\" class=\"wp-block-spacer\"><\/div>\n\n\n\n<p><br><strong>Een fantastisch initiatief, bekijk het nu! \ud83d\ude80<\/strong><\/p>\n\n\n\n<p><strong>Voor meer informatie:<\/strong> <a href=\"https:\/\/eur03.safelinks.protection.outlook.com\/?url=https%3A%2F%2Fwww.skillsweek.fr%2F&amp;data=05%7C02%7Cm.bentaleb%40actongroup.com%7Cb84508f66b654d96f76908dd4b607635%7Cf2e2825cf8d044fdae5581c226791777%7C1%7C0%7C638749599864557746%7CUnknown%7CTWFpbGZsb3d8eyJFbXB0eU1hcGkiOnRydWUsIlYiOiIwLjAuMDAwMCIsIlAiOiJXaW4zMiIsIkFOIjoiTWFpbCIsIldUIjoyfQ%3D%3D%7C0%7C%7C%7C&amp;sdata=vZqzguQ1NECWDIWtrTHITkPIXReBfiyzc61BCogYRFk%3D&amp;reserved=0\" target=\"_blank\" rel=\"noreferrer noopener\">https:\/\/www.skillsweek.fr\/<\/a><\/p>\n\n\n\n<div style=\"height:40px\" aria-hidden=\"true\" class=\"wp-block-spacer\"><\/div>\n\n\n\n<p><strong>ACT-ON GROUP<\/strong><br>Strategy&nbsp;-&nbsp;HR&nbsp;&amp; HRIS - Data &amp; Technology<\/p>\n\n\n\n<p><\/p>\n\n\n\n<p><\/p>\n","protected":false},"excerpt":{"rendered":"<p>Net als ACT-ON GROUP kun je je persoonlijke en professionele vaardigheden ontwikkelen tijdens Skillsweek, een [&hellip;]<\/p>\n","protected":false},"author":5,"featured_media":12204,"comment_status":"closed","ping_status":"closed","sticky":false,"template":"","format":"standard","meta":{"_acf_changed":false,"inline_featured_image":false,"footnotes":""},"categories":[4037],"tags":[3951,4074,4012,4075,4076,4038,4077,4078,4079,4080,4018,4044,4081,4082,4083,4027,4028,4084,4085,4086,4087,4029,4030,4034,4088],"fonction":[],"fonction-belgium":[],"fonction-germany":[],"fonction-switzerland":[],"secteur":[],"secteur-belgium":[],"secteur-germany":[],"secteur-switzerland":[],"class_list":["post-12203","post","type-post","status-publish","format-standard","has-post-thumbnail","hentry","category-evenement","tag-act-on-group","tag-cohesion-dequipe","tag-data","tag-developpement-de-competences","tag-diversite","tag-entreprise","tag-equipe","tag-formation","tag-hard-skills","tag-hr","tag-hris","tag-inclusion","tag-leadership","tag-management","tag-managers","tag-rh","tag-sirh","tag-skills","tag-skillsday","tag-skillsweek","tag-soft-skills","tag-strategy","tag-talent","tag-technology","tag-webinaire"],"acf":[],"yoast_head":"<!-- This site is optimized with the Yoast SEO plugin v27.2 - https:\/\/yoast.com\/product\/yoast-seo-wordpress\/ -->\n<title>ACT-ON GROUP doet mee aan Skillsweek! En jij? - ACT-ON GROUP<\/title>\n<meta name=\"description\" content=\"Net als ACT-ON GROUP kun je je vaardigheden ontwikkelen tijdens Skillsweek, een initiatief van onze partner Skillsday!\" \/>\n<meta name=\"robots\" content=\"index, follow, max-snippet:-1, max-image-preview:large, max-video-preview:-1\" \/>\n<link rel=\"canonical\" href=\"https:\/\/actongroup.com\/nl\/act-on-group-doet-mee-aan-skillsweek-en-jij\/\" \/>\n<meta property=\"og:locale\" content=\"nl_BE\" \/>\n<meta property=\"og:type\" content=\"article\" \/>\n<meta property=\"og:title\" content=\"ACT-ON GROUP doet mee aan Skillsweek! En jij? - ACT-ON GROUP\" \/>\n<meta property=\"og:description\" content=\"Net als ACT-ON GROUP kun je je vaardigheden ontwikkelen tijdens Skillsweek, een initiatief van onze partner Skillsday!\" \/>\n<meta property=\"og:url\" content=\"https:\/\/actongroup.com\/nl\/act-on-group-doet-mee-aan-skillsweek-en-jij\/\" \/>\n<meta property=\"og:site_name\" content=\"ACT-ON GROUP\" \/>\n<meta property=\"article:published_time\" content=\"2025-02-26T06:28:29+00:00\" \/>\n<meta property=\"article:modified_time\" content=\"2026-01-08T11:58:09+00:00\" \/>\n<meta property=\"og:image\" content=\"https:\/\/actongroup.com\/wp-content\/uploads\/2025\/02\/banniere-profil-LinkedIn-1-e1740481270169.png\" \/>\n\t<meta property=\"og:image:width\" content=\"1584\" \/>\n\t<meta property=\"og:image:height\" content=\"348\" \/>\n\t<meta property=\"og:image:type\" content=\"image\/png\" \/>\n<meta name=\"author\" content=\"ActOnGroup_User\" \/>\n<meta name=\"twitter:card\" content=\"summary_large_image\" \/>\n<meta name=\"twitter:label1\" content=\"Geschreven door\" \/>\n\t<meta name=\"twitter:data1\" content=\"ActOnGroup_User\" \/>\n\t<meta name=\"twitter:label2\" content=\"Geschatte leestijd\" \/>\n\t<meta name=\"twitter:data2\" content=\"2 minuten\" \/>\n<script type=\"application\/ld+json\" class=\"yoast-schema-graph\">{\"@context\":\"https:\/\/schema.org\",\"@graph\":[{\"@type\":\"Article\",\"@id\":\"https:\/\/actongroup.com\/nl\/act-on-group-doet-mee-aan-skillsweek-en-jij\/#article\",\"isPartOf\":{\"@id\":\"https:\/\/actongroup.com\/nl\/act-on-group-doet-mee-aan-skillsweek-en-jij\/\"},\"author\":{\"name\":\"ActOnGroup_User\",\"@id\":\"https:\/\/actongroup.com\/nl\/#\/schema\/person\/254b9cabf8bdb66957fd01c71d6bce1c\"},\"headline\":\"ACT-ON GROUP doet mee aan Skillsweek! En jij?\",\"datePublished\":\"2025-02-26T06:28:29+00:00\",\"dateModified\":\"2026-01-08T11:58:09+00:00\",\"mainEntityOfPage\":{\"@id\":\"https:\/\/actongroup.com\/nl\/act-on-group-doet-mee-aan-skillsweek-en-jij\/\"},\"wordCount\":187,\"image\":{\"@id\":\"https:\/\/actongroup.com\/nl\/act-on-group-doet-mee-aan-skillsweek-en-jij\/#primaryimage\"},\"thumbnailUrl\":\"https:\/\/actongroup.com\/wp-content\/uploads\/2025\/02\/banniere-profil-LinkedIn-1-e1740481270169.png\",\"keywords\":[\"ACT-ON GROUP\",\"coh\u00e9sion d&#039;\u00e9quipe\",\"Data\",\"d\u00e9veloppement de comp\u00e9tences\",\"diversit\u00e9\",\"entreprise\",\"\u00e9quipe\",\"formation\",\"hard skills\",\"HR\",\"HRIS\",\"inclusion\",\"leadership\",\"management\",\"managers\",\"RH\",\"SIRH\",\"skills\",\"Skillsday\",\"Skillsweek\",\"soft skills\",\"STRATEGY\",\"talent\",\"technology\",\"webinaire\"],\"articleSection\":[\"Evenement\"],\"inLanguage\":\"nl-BE\"},{\"@type\":\"WebPage\",\"@id\":\"https:\/\/actongroup.com\/nl\/act-on-group-doet-mee-aan-skillsweek-en-jij\/\",\"url\":\"https:\/\/actongroup.com\/nl\/act-on-group-doet-mee-aan-skillsweek-en-jij\/\",\"name\":\"ACT-ON GROUP doet mee aan Skillsweek! En jij? - ACT-ON GROUP\",\"isPartOf\":{\"@id\":\"https:\/\/actongroup.com\/nl\/#website\"},\"primaryImageOfPage\":{\"@id\":\"https:\/\/actongroup.com\/nl\/act-on-group-doet-mee-aan-skillsweek-en-jij\/#primaryimage\"},\"image\":{\"@id\":\"https:\/\/actongroup.com\/nl\/act-on-group-doet-mee-aan-skillsweek-en-jij\/#primaryimage\"},\"thumbnailUrl\":\"https:\/\/actongroup.com\/wp-content\/uploads\/2025\/02\/banniere-profil-LinkedIn-1-e1740481270169.png\",\"datePublished\":\"2025-02-26T06:28:29+00:00\",\"dateModified\":\"2026-01-08T11:58:09+00:00\",\"author\":{\"@id\":\"https:\/\/actongroup.com\/nl\/#\/schema\/person\/254b9cabf8bdb66957fd01c71d6bce1c\"},\"description\":\"Net als ACT-ON GROUP kun je je vaardigheden ontwikkelen tijdens Skillsweek, een initiatief van onze partner Skillsday!\",\"breadcrumb\":{\"@id\":\"https:\/\/actongroup.com\/nl\/act-on-group-doet-mee-aan-skillsweek-en-jij\/#breadcrumb\"},\"inLanguage\":\"nl-BE\",\"potentialAction\":[{\"@type\":\"ReadAction\",\"target\":[\"https:\/\/actongroup.com\/nl\/act-on-group-doet-mee-aan-skillsweek-en-jij\/\"]}]},{\"@type\":\"ImageObject\",\"inLanguage\":\"nl-BE\",\"@id\":\"https:\/\/actongroup.com\/nl\/act-on-group-doet-mee-aan-skillsweek-en-jij\/#primaryimage\",\"url\":\"https:\/\/actongroup.com\/wp-content\/uploads\/2025\/02\/banniere-profil-LinkedIn-1-e1740481270169.png\",\"contentUrl\":\"https:\/\/actongroup.com\/wp-content\/uploads\/2025\/02\/banniere-profil-LinkedIn-1-e1740481270169.png\",\"width\":1584,\"height\":348,\"caption\":\"SKILLSWEEK ACT-ON GROUP\"},{\"@type\":\"BreadcrumbList\",\"@id\":\"https:\/\/actongroup.com\/nl\/act-on-group-doet-mee-aan-skillsweek-en-jij\/#breadcrumb\",\"itemListElement\":[{\"@type\":\"ListItem\",\"position\":1,\"name\":\"Accueil\",\"item\":\"https:\/\/actongroup.com\/nl\/\"},{\"@type\":\"ListItem\",\"position\":2,\"name\":\"ACT-ON GROUP doet mee aan Skillsweek! En jij?\"}]},{\"@type\":\"WebSite\",\"@id\":\"https:\/\/actongroup.com\/nl\/#website\",\"url\":\"https:\/\/actongroup.com\/nl\/\",\"name\":\"ACT-ON GROUP\",\"description\":\"\",\"potentialAction\":[{\"@type\":\"SearchAction\",\"target\":{\"@type\":\"EntryPoint\",\"urlTemplate\":\"https:\/\/actongroup.com\/nl\/?s={search_term_string}\"},\"query-input\":{\"@type\":\"PropertyValueSpecification\",\"valueRequired\":true,\"valueName\":\"search_term_string\"}}],\"inLanguage\":\"nl-BE\"},{\"@type\":\"Person\",\"@id\":\"https:\/\/actongroup.com\/nl\/#\/schema\/person\/254b9cabf8bdb66957fd01c71d6bce1c\",\"name\":\"ActOnGroup_User\",\"image\":{\"@type\":\"ImageObject\",\"inLanguage\":\"nl-BE\",\"@id\":\"https:\/\/secure.gravatar.com\/avatar\/58aa58d9fb43a7a38f38548721856f731688d75d0314e09709944f33fbd880e3?s=96&d=mm&r=g\",\"url\":\"https:\/\/secure.gravatar.com\/avatar\/58aa58d9fb43a7a38f38548721856f731688d75d0314e09709944f33fbd880e3?s=96&d=mm&r=g\",\"contentUrl\":\"https:\/\/secure.gravatar.com\/avatar\/58aa58d9fb43a7a38f38548721856f731688d75d0314e09709944f33fbd880e3?s=96&d=mm&r=g\",\"caption\":\"ActOnGroup_User\"}}]}<\/script>\n<!-- \/ Yoast SEO plugin. -->","yoast_head_json":{"title":"ACT-ON GROUP doet mee aan Skillsweek! En jij? - ACT-ON GROUP","description":"Net als ACT-ON GROUP kun je je vaardigheden ontwikkelen tijdens Skillsweek, een initiatief van onze partner Skillsday!","robots":{"index":"index","follow":"follow","max-snippet":"max-snippet:-1","max-image-preview":"max-image-preview:large","max-video-preview":"max-video-preview:-1"},"canonical":"https:\/\/actongroup.com\/nl\/act-on-group-doet-mee-aan-skillsweek-en-jij\/","og_locale":"nl_BE","og_type":"article","og_title":"ACT-ON GROUP doet mee aan Skillsweek! En jij? - ACT-ON GROUP","og_description":"Net als ACT-ON GROUP kun je je vaardigheden ontwikkelen tijdens Skillsweek, een initiatief van onze partner Skillsday!","og_url":"https:\/\/actongroup.com\/nl\/act-on-group-doet-mee-aan-skillsweek-en-jij\/","og_site_name":"ACT-ON GROUP","article_published_time":"2025-02-26T06:28:29+00:00","article_modified_time":"2026-01-08T11:58:09+00:00","og_image":[{"width":1584,"height":348,"url":"https:\/\/actongroup.com\/wp-content\/uploads\/2025\/02\/banniere-profil-LinkedIn-1-e1740481270169.png","type":"image\/png"}],"author":"ActOnGroup_User","twitter_card":"summary_large_image","twitter_misc":{"Geschreven door":"ActOnGroup_User","Geschatte leestijd":"2 minuten"},"schema":{"@context":"https:\/\/schema.org","@graph":[{"@type":"Article","@id":"https:\/\/actongroup.com\/nl\/act-on-group-doet-mee-aan-skillsweek-en-jij\/#article","isPartOf":{"@id":"https:\/\/actongroup.com\/nl\/act-on-group-doet-mee-aan-skillsweek-en-jij\/"},"author":{"name":"ActOnGroup_User","@id":"https:\/\/actongroup.com\/nl\/#\/schema\/person\/254b9cabf8bdb66957fd01c71d6bce1c"},"headline":"ACT-ON GROUP doet mee aan Skillsweek! En jij?","datePublished":"2025-02-26T06:28:29+00:00","dateModified":"2026-01-08T11:58:09+00:00","mainEntityOfPage":{"@id":"https:\/\/actongroup.com\/nl\/act-on-group-doet-mee-aan-skillsweek-en-jij\/"},"wordCount":187,"image":{"@id":"https:\/\/actongroup.com\/nl\/act-on-group-doet-mee-aan-skillsweek-en-jij\/#primaryimage"},"thumbnailUrl":"https:\/\/actongroup.com\/wp-content\/uploads\/2025\/02\/banniere-profil-LinkedIn-1-e1740481270169.png","keywords":["ACT-ON GROUP","coh\u00e9sion d&#039;\u00e9quipe","Data","d\u00e9veloppement de comp\u00e9tences","diversit\u00e9","entreprise","\u00e9quipe","formation","hard skills","HR","HRIS","inclusion","leadership","management","managers","RH","SIRH","skills","Skillsday","Skillsweek","soft skills","STRATEGY","talent","technology","webinaire"],"articleSection":["Evenement"],"inLanguage":"nl-BE"},{"@type":"WebPage","@id":"https:\/\/actongroup.com\/nl\/act-on-group-doet-mee-aan-skillsweek-en-jij\/","url":"https:\/\/actongroup.com\/nl\/act-on-group-doet-mee-aan-skillsweek-en-jij\/","name":"ACT-ON GROUP doet mee aan Skillsweek! En jij? - ACT-ON GROUP","isPartOf":{"@id":"https:\/\/actongroup.com\/nl\/#website"},"primaryImageOfPage":{"@id":"https:\/\/actongroup.com\/nl\/act-on-group-doet-mee-aan-skillsweek-en-jij\/#primaryimage"},"image":{"@id":"https:\/\/actongroup.com\/nl\/act-on-group-doet-mee-aan-skillsweek-en-jij\/#primaryimage"},"thumbnailUrl":"https:\/\/actongroup.com\/wp-content\/uploads\/2025\/02\/banniere-profil-LinkedIn-1-e1740481270169.png","datePublished":"2025-02-26T06:28:29+00:00","dateModified":"2026-01-08T11:58:09+00:00","author":{"@id":"https:\/\/actongroup.com\/nl\/#\/schema\/person\/254b9cabf8bdb66957fd01c71d6bce1c"},"description":"Net als ACT-ON GROUP kun je je vaardigheden ontwikkelen tijdens Skillsweek, een initiatief van onze partner Skillsday!","breadcrumb":{"@id":"https:\/\/actongroup.com\/nl\/act-on-group-doet-mee-aan-skillsweek-en-jij\/#breadcrumb"},"inLanguage":"nl-BE","potentialAction":[{"@type":"ReadAction","target":["https:\/\/actongroup.com\/nl\/act-on-group-doet-mee-aan-skillsweek-en-jij\/"]}]},{"@type":"ImageObject","inLanguage":"nl-BE","@id":"https:\/\/actongroup.com\/nl\/act-on-group-doet-mee-aan-skillsweek-en-jij\/#primaryimage","url":"https:\/\/actongroup.com\/wp-content\/uploads\/2025\/02\/banniere-profil-LinkedIn-1-e1740481270169.png","contentUrl":"https:\/\/actongroup.com\/wp-content\/uploads\/2025\/02\/banniere-profil-LinkedIn-1-e1740481270169.png","width":1584,"height":348,"caption":"SKILLSWEEK ACT-ON GROUP"},{"@type":"BreadcrumbList","@id":"https:\/\/actongroup.com\/nl\/act-on-group-doet-mee-aan-skillsweek-en-jij\/#breadcrumb","itemListElement":[{"@type":"ListItem","position":1,"name":"Accueil","item":"https:\/\/actongroup.com\/nl\/"},{"@type":"ListItem","position":2,"name":"ACT-ON GROUP doet mee aan Skillsweek! En jij?"}]},{"@type":"WebSite","@id":"https:\/\/actongroup.com\/nl\/#website","url":"https:\/\/actongroup.com\/nl\/","name":"ACT-ON GROUP","description":"","potentialAction":[{"@type":"SearchAction","target":{"@type":"EntryPoint","urlTemplate":"https:\/\/actongroup.com\/nl\/?s={search_term_string}"},"query-input":{"@type":"PropertyValueSpecification","valueRequired":true,"valueName":"search_term_string"}}],"inLanguage":"nl-BE"},{"@type":"Person","@id":"https:\/\/actongroup.com\/nl\/#\/schema\/person\/254b9cabf8bdb66957fd01c71d6bce1c","name":"ActOnGroup_User","image":{"@type":"ImageObject","inLanguage":"nl-BE","@id":"https:\/\/secure.gravatar.com\/avatar\/58aa58d9fb43a7a38f38548721856f731688d75d0314e09709944f33fbd880e3?s=96&d=mm&r=g","url":"https:\/\/secure.gravatar.com\/avatar\/58aa58d9fb43a7a38f38548721856f731688d75d0314e09709944f33fbd880e3?s=96&d=mm&r=g","contentUrl":"https:\/\/secure.gravatar.com\/avatar\/58aa58d9fb43a7a38f38548721856f731688d75d0314e09709944f33fbd880e3?s=96&d=mm&r=g","caption":"ActOnGroup_User"}}]}},"_links":{"self":[{"href":"https:\/\/actongroup.com\/nl\/wp-json\/wp\/v2\/posts\/12203","targetHints":{"allow":["GET"]}}],"collection":[{"href":"https:\/\/actongroup.com\/nl\/wp-json\/wp\/v2\/posts"}],"about":[{"href":"https:\/\/actongroup.com\/nl\/wp-json\/wp\/v2\/types\/post"}],"author":[{"embeddable":true,"href":"https:\/\/actongroup.com\/nl\/wp-json\/wp\/v2\/users\/5"}],"replies":[{"embeddable":true,"href":"https:\/\/actongroup.com\/nl\/wp-json\/wp\/v2\/comments?post=12203"}],"version-history":[{"count":1,"href":"https:\/\/actongroup.com\/nl\/wp-json\/wp\/v2\/posts\/12203\/revisions"}],"predecessor-version":[{"id":12208,"href":"https:\/\/actongroup.com\/nl\/wp-json\/wp\/v2\/posts\/12203\/revisions\/12208"}],"wp:featuredmedia":[{"embeddable":true,"href":"https:\/\/actongroup.com\/nl\/wp-json\/wp\/v2\/media\/12204"}],"wp:attachment":[{"href":"https:\/\/actongroup.com\/nl\/wp-json\/wp\/v2\/media?parent=12203"}],"wp:term":[{"taxonomy":"category","embeddable":true,"href":"https:\/\/actongroup.com\/nl\/wp-json\/wp\/v2\/categories?post=12203"},{"taxonomy":"post_tag","embeddable":true,"href":"https:\/\/actongroup.com\/nl\/wp-json\/wp\/v2\/tags?post=12203"},{"taxonomy":"fonction","embeddable":true,"href":"https:\/\/actongroup.com\/nl\/wp-json\/wp\/v2\/fonction?post=12203"},{"taxonomy":"fonction-belgium","embeddable":true,"href":"https:\/\/actongroup.com\/nl\/wp-json\/wp\/v2\/fonction-belgium?post=12203"},{"taxonomy":"fonction-germany","embeddable":true,"href":"https:\/\/actongroup.com\/nl\/wp-json\/wp\/v2\/fonction-germany?post=12203"},{"taxonomy":"fonction-switzerland","embeddable":true,"href":"https:\/\/actongroup.com\/nl\/wp-json\/wp\/v2\/fonction-switzerland?post=12203"},{"taxonomy":"secteur","embeddable":true,"href":"https:\/\/actongroup.com\/nl\/wp-json\/wp\/v2\/secteur?post=12203"},{"taxonomy":"secteur-belgium","embeddable":true,"href":"https:\/\/actongroup.com\/nl\/wp-json\/wp\/v2\/secteur-belgium?post=12203"},{"taxonomy":"secteur-germany","embeddable":true,"href":"https:\/\/actongroup.com\/nl\/wp-json\/wp\/v2\/secteur-germany?post=12203"},{"taxonomy":"secteur-switzerland","embeddable":true,"href":"https:\/\/actongroup.com\/nl\/wp-json\/wp\/v2\/secteur-switzerland?post=12203"}],"curies":[{"name":"wp","href":"https:\/\/api.w.org\/{rel}","templated":true}]}}